{"id":654,"date":"2024-04-17T17:03:50","date_gmt":"2024-04-17T15:03:50","guid":{"rendered":"http:\/\/neueweb.fragensteller.com\/?p=654"},"modified":"2024-04-17T17:03:50","modified_gmt":"2024-04-17T15:03:50","slug":"isso-e-logico-em-que-consiste-ser-logico","status":"publish","type":"post","link":"https:\/\/fragensteller.com\/?p=654&lang=pt","title":{"rendered":"Isso \u00e9 l\u00f3gico! Em que consiste &#8222;ser l\u00f3gico&#8220;?"},"content":{"rendered":"\n<p class=\"has-medium-font-size\"><strong>&#8222;Toda a hist\u00f3ria da l\u00f3gica \u00e9 a defini\u00e7\u00e3o de um conceito aceit\u00e1vel de estupidez.&#8220; Umberto Eco: O Foucault Pendulum (p. 81).&nbsp;Munic 1989.<\/strong><\/p>\n\n\n\n<p>Certamente esta afirma\u00e7\u00e3o n\u00e3o corresponde ao entendimento pr\u00e9vio que o nosso senso comum tem da l\u00f3gica. A cita\u00e7\u00e3o se refere \u00e0 tens\u00e3o que encontramos na vida cotidiana em rela\u00e7\u00e3o \u00e0 l\u00f3gica. Isto vai desde a adora\u00e7\u00e3o m\u00edtica \u00e0 rejei\u00e7\u00e3o radical. Quando falamos com n\u00f3s mesmos ou em di\u00e1logo sobre algo que \u00e9 &#8222;l\u00f3gico&#8220;, parece claro para n\u00f3s sobre o que acabamos de falar e o que queremos dizer com isso. Mas o que \u00e9 &#8222;ser l\u00f3gico&#8220;? Como \u00e9 que determinamos &#8222;ser l\u00f3gico&#8220;? <\/p>\n\n\n\n<p>Usando um exemplo n\u00e3o matem\u00e1tico da vida dos participantes, tentaremos abordar o que \u00e9 ou poderia ser &#8222;l\u00f3gico&#8220; para n\u00f3s.<\/p>\n\n\n\n<p class=\"has-normal-font-size\"><strong>Isso \u00e9 l\u00f3gico (\u00f3bvio)!<\/strong><\/p>\n\n\n\n<p>Texto de Volker Rendez, Facilitador da GSP<\/p>\n\n\n\n<p>Esta pergunta deveria ter sido tema de um di\u00e1logo socr\u00e1tico\u00a0<a rel=\"noreferrer noopener\" href=\"https:\/\/alteweb.fragensteller.com\/event\/sokratisches-gespraech-01-2019-karneval\/\" target=\"_blank\">durante o carnaval de 2019 em W\u00fcrzburg<\/a>.<br>Infelizmente, foi cancelado.<\/p>\n\n\n\n<p><\/p>\n\n\n\n<p>Imagem: Giovanni Battista Piranesi \u2013 Le Carceri d\u2019Invenzione \u2013 Second Edition<\/p>\n","protected":false},"excerpt":{"rendered":"<p>&#8222;Toda a hist\u00f3ria da l\u00f3gica \u00e9 a defini\u00e7\u00e3o de um conceito aceit\u00e1vel de estupidez.&#8220; Umberto Eco: O Foucault [&hellip;]<\/p>\n","protected":false},"author":5,"featured_media":915,"comment_status":"open","ping_status":"open","sticky":false,"template":"","format":"standard","meta":{"footnotes":""},"categories":[235,255],"tags":[],"class_list":["post-654","post","type-post","status-publish","format-standard","has-post-thumbnail","hentry","category-o-que","category-perguntas"],"_links":{"self":[{"href":"https:\/\/fragensteller.com\/index.php?rest_route=\/wp\/v2\/posts\/654","targetHints":{"allow":["GET"]}}],"collection":[{"href":"https:\/\/fragensteller.com\/index.php?rest_route=\/wp\/v2\/posts"}],"about":[{"href":"https:\/\/fragensteller.com\/index.php?rest_route=\/wp\/v2\/types\/post"}],"author":[{"embeddable":true,"href":"https:\/\/fragensteller.com\/index.php?rest_route=\/wp\/v2\/users\/5"}],"replies":[{"embeddable":true,"href":"https:\/\/fragensteller.com\/index.php?rest_route=%2Fwp%2Fv2%2Fcomments&post=654"}],"version-history":[{"count":7,"href":"https:\/\/fragensteller.com\/index.php?rest_route=\/wp\/v2\/posts\/654\/revisions"}],"predecessor-version":[{"id":1060,"href":"https:\/\/fragensteller.com\/index.php?rest_route=\/wp\/v2\/posts\/654\/revisions\/1060"}],"wp:featuredmedia":[{"embeddable":true,"href":"https:\/\/fragensteller.com\/index.php?rest_route=\/wp\/v2\/media\/915"}],"wp:attachment":[{"href":"https:\/\/fragensteller.com\/index.php?rest_route=%2Fwp%2Fv2%2Fmedia&parent=654"}],"wp:term":[{"taxonomy":"category","embeddable":true,"href":"https:\/\/fragensteller.com\/index.php?rest_route=%2Fwp%2Fv2%2Fcategories&post=654"},{"taxonomy":"post_tag","embeddable":true,"href":"https:\/\/fragensteller.com\/index.php?rest_route=%2Fwp%2Fv2%2Ftags&post=654"}],"curies":[{"name":"wp","href":"https:\/\/api.w.org\/{rel}","templated":true}]}}